{"id":6193,"date":"2023-12-14T11:05:32","date_gmt":"2023-12-14T10:05:32","guid":{"rendered":"https:\/\/legalden.pl\/backup2\/?p=6193"},"modified":"2025-02-19T14:48:58","modified_gmt":"2025-02-19T13:48:58","slug":"ustawa-kamilka-wprowadzenie-standardow-ochrony-maloletnich","status":"publish","type":"post","link":"https:\/\/legalden.pl\/en\/ustawa-kamilka-wprowadzenie-standardow-ochrony-maloletnich\/","title":{"rendered":"Ustawa Kamilka &#8211; Wprowadzenie Standard\u00f3w Ochrony Ma\u0142oletnich"},"content":{"rendered":"\n<p>Najnowsza nowelizacja Kodeksu rodzinnego i opieku\u0144czego nazwana zosta\u0142a \u201eUstaw\u0105 Kamilka\u201d na cze\u015b\u0107 o\u015bmioletniego ch\u0142opca, kt\u00f3ry zmar\u0142 w wyniku przemocy domowej. Te tragiczne wydarzenia by\u0142y impulsem do wprowadzenia zmian, kt\u00f3rych g\u0142\u00f3wnym celem jest wdro\u017cenie \u201eStandard\u00f3w ochrony ma\u0142oletnich\u201d we wszystkich plac\u00f3wkach pracuj\u0105cych z dzie\u0107mi. Przepisy obejmuj\u0105 weryfikacj\u0119 personelu za przest\u0119pstwa seksualne i zwi\u0105zane z przemoc\u0105 na szkod\u0119 dzieci oraz opracowanie i przestrzeganie kodeksu bezpiecznych relacji personel-dziecko.<\/p>\n\n\n\n<h3 class=\"wp-block-heading\" id=\"h-co-wprowadza-ustawa-kamilka\">Co wprowadza Ustawa Kamilka?<\/h3>\n\n\n\n<p>Celem zmian jest nie tylko zwi\u0119kszenie bezpiecze\u0144stwa i ochrony dzieci, ale tak\u017ce wprowadzenie skuteczniejszych mechanizm\u00f3w reagowania na przypadki przemocy i zaniedbania. Ustawa zmierza tak\u017ce do poprawy systemu reprezentacji prawnej dzieci w procesach s\u0105dowych. G\u0142\u00f3wne zmiany to:<\/p>\n\n\n\n<ol class=\"wp-block-list\">\n<li><strong>Analiza powa\u017cnych przypadk\u00f3w krzywdzenia dzieci:<\/strong> Wprowadzony zosta\u0142 mechanizm badania powa\u017cnych i \u015bmiertelnych przypadk\u00f3w krzywdzenia dzieci. Analizy b\u0119d\u0105 przeprowadzane przez zesp\u00f3\u0142 ekspert\u00f3w, kt\u00f3rzy maj\u0105 za zadanie identyfikowa\u0107 potrzebne zmiany i osi\u0105gn\u0105\u0107 je w celu poprawy ochrony dzieci.<\/li>\n\n\n\n<li><strong>Standardy ochrony ma\u0142oletnich<\/strong>: Ustawa wzmacnia ochron\u0119 ma\u0142oletnich poprzez wprowadzenie standard\u00f3w (polityk) ochrony w instytucjach, takich jak plac\u00f3wki o\u015bwiatowe, opieku\u0144cze, wychowawcze, resocjalizacyjne, religijne, artystyczne, medyczne, rekreacyjne i sportowe.<\/li>\n\n\n\n<li><strong>Szkolenia dla s\u0119dzi\u00f3w i pracownik\u00f3w instytucji:<\/strong> Rozszerzono przepisy dotycz\u0105ce szkole\u0144 dla s\u0119dzi\u00f3w w sprawach z udzia\u0142em ma\u0142oletnich. Ustawa zabezpiecza r\u00f3wnie\u017c system kontroli nad instytucjami odpowiedzialnymi za wdra\u017canie standard\u00f3w ochrony dzieci, aby system ten by\u0142 bardziej skuteczny.<\/li>\n\n\n\n<li><strong>Wys\u0142uchanie dziecka w procesach s\u0105dowych:<\/strong> Nowelizacja umo\u017cliwia wys\u0142uchanie dziecka w procesach s\u0105dowych, je\u015bli jego rozw\u00f3j umys\u0142owy, stan zdrowia i stopie\u0144 dojrza\u0142o\u015bci na to pozwalaj\u0105, a s\u0105d uwzgl\u0119dni zdanie i rozs\u0105dne \u017cyczenia dziecka.<\/li>\n\n\n\n<li><strong>Reprezentacja dziecka w post\u0119powaniach: <\/strong>Ustanowiono procedur\u0119 wyznaczania reprezentanta dla dziecka, gdy \u017caden z rodzic\u00f3w nie mo\u017ce go reprezentowa\u0107. Reprezentantem mo\u017ce by\u0107 adwokat lub radca prawny, kt\u00f3ry wykazuje szczeg\u00f3ln\u0105 znajomo\u015b\u0107 spraw zwi\u0105zanych z dzieckiem.<\/li>\n\n\n\n<li><strong>Procedury post\u0119powania w przypadku podejrzenia krzywdzenia dziecka: <\/strong>Nowelizacja zak\u0142ada stworzenie jasnych procedur post\u0119powania w przypadku podejrzenia krzywdzenia dziecka, co obejmuje dzia\u0142ania pracownik\u00f3w socjalnych, policjant\u00f3w i pracownik\u00f3w s\u0142u\u017cby zdrowia.<\/li>\n\n\n\n<li><strong>Przeciwdzia\u0142anie przemocy domowej i przest\u0119pczo\u015bci na tle seksualnym:<\/strong> Wdro\u017cono nowe regulacje maj\u0105ce na celu przeciwdzia\u0142anie przemocy domowej oraz przest\u0119pczo\u015bci na tle seksualnym.<\/li>\n\n\n\n<li><strong>Szkolenia z ochrony dzieci:<\/strong> Plac\u00f3wki s\u0105 zobowi\u0105zane do regularnego prowadzenia szkole\u0144 dla personelu, kt\u00f3re koncentruj\u0105 si\u0119 na rozpoznawaniu i zapobieganiu nadu\u017cyciom wobec dzieci.<\/li>\n<\/ol>\n\n\n\n<h3 class=\"wp-block-heading\" id=\"h-wprowadzenie-wymaganej-dokumentacji\">Wprowadzenie wymaganej dokumentacji<\/h3>\n\n\n\n<p>Nowelizacja zobowi\u0105zuje instytucje pracuj\u0105ce z ma\u0142oletnimi do wdro\u017cenia tzw. \u201eStandard\u00f3w ochrony ma\u0142oletnich\u201d, na kt\u00f3re sk\u0142adaj\u0105 si\u0119 m.in:<\/p>\n\n\n\n<ul class=\"wp-block-list\">\n<li><strong>Weryfikacja personelu <\/strong>&#8211; ewidencja weryfikacji pracownik\u00f3w i wolontariuszy &#8211; dokumenty potwierdzaj\u0105ce czysto\u015b\u0107 kartoteki kryminalnej zwi\u0105zanej z przest\u0119pstwami na szkod\u0119 dzieci.<\/li>\n\n\n\n<li><strong>Kodeks Bezpiecznych Relacji <\/strong>&#8211; dokument zawieraj\u0105cy zasady i procedury post\u0119powania z dzie\u0107mi.<\/li>\n\n\n\n<li><strong>Dokumentacja szkole\u0144<\/strong> &#8211; rejestry uczestnictwa w szkoleniach, materia\u0142y szkoleniowe i programy edukacyjne.<\/li>\n\n\n\n<li><strong>Plan dzia\u0142ania na wypadek nadu\u017cy\u0107<\/strong> &#8211; procedury post\u0119powania w przypadku podejrzenia nadu\u017cy\u0107, zasady komunikacji z odpowiednimi organami.<\/li>\n<\/ul>\n\n\n\n<h3 class=\"wp-block-heading\" id=\"h-obowiazywanie-przepisow\">Obowi\u0105zywanie przepis\u00f3w<\/h3>\n\n\n\n<p>Nowelizacja Kodeksu rodzinnego i opieku\u0144czego w Polsce zosta\u0142a podpisana 2 sierpnia 2023 roku. Cz\u0119\u015b\u0107 przepis\u00f3w obowi\u0105zuj\u0119 od 28 sierpnia 2023 roku. Pozosta\u0142e, w tym&nbsp;<a href=\"http:\/\/m.in\/\" target=\"_blank\" rel=\"noreferrer noopener\">m.in<\/a>. te dotycz\u0105ce wprowadzania standard\u00f3w ochrony ma\u0142oletnich wchodz\u0105 w \u017cycie od&nbsp;<strong>15 lutego 2024 roku i zobowi\u0105zuj\u0105&nbsp;<a href=\"http:\/\/m.in\/\" target=\"_blank\" rel=\"noreferrer noopener\">m.in<\/a><\/strong>. do weryfikacji cz\u0142onk\u00f3w personelu dopuszczonego do pracy z dzie\u0107mi. Od 15 lutego podmioty powinny tak\u017ce rozpocz\u0105\u0107 opracowywanie w\u0142asnych procedur, tak, aby<strong> do dnia 15 sierpnia 2024 r. mie\u0107 przyj\u0119te wszystkie procedury (tzw. Polityka ochrony dzieci przed krzywdzeniem). <\/strong>Okre\u015blone powinny zosta\u0107 np.&nbsp; zasady bezpiecznych relacji z dzie\u0107mi, sposoby monitoringu polityki oraz zasady dotycz\u0105ce rekrutacji personelu.<\/p>\n\n\n\n<p>Ustawa Kamilka stanowi znacz\u0105cy krok w kierunku zwi\u0119kszenia ochrony dzieci. Przygotowanie i implementacja wymaganych dokument\u00f3w i procedur jest kluczowa dla zgodno\u015bci z nowymi regulacjami. Jeste\u015bmy gotowi wspiera\u0107 Twoj\u0105 organizacj\u0119 na ka\u017cdym etapie tego procesu, zapewniaj\u0105c bezpieczne i zdrowe \u015brodowisko dla najm\u0142odszych. <\/p>\n\n\n\n<p><\/p>\n\n\n\n<h3 class=\"wp-block-heading\" id=\"h-potrzebujesz-naszej-pomocy-napisz-do-nas\">Potrzebujesz naszej pomocy? Napisz do nas! <\/h3>\n\n\n\n\t\t<div data-elementor-type=\"container\" data-elementor-id=\"9192\" class=\"elementor elementor-9192\" data-elementor-post-type=\"elementor_library\">\n\t\t\t\t<div class=\"elementor-element elementor-element-67888571 e-flex e-con-boxed e-con e-parent\" data-id=\"67888571\" data-element_type=\"container\" data-e-type=\"container\">\n\t\t\t\t\t<div class=\"e-con-inner\">\n\t\t\t\t<div class=\"elementor-element elementor-element-58673269 elementor-button-align-end elementor-widget elementor-widget-form\" data-id=\"58673269\" data-element_type=\"widget\" data-e-type=\"widget\" data-settings=\"{&quot;step_type&quot;:&quot;none&quot;,&quot;step_icon_shape&quot;:&quot;none&quot;,&quot;button_width&quot;:&quot;100&quot;,&quot;label_icon_size&quot;:{&quot;unit&quot;:&quot;px&quot;,&quot;size&quot;:&quot;&quot;,&quot;sizes&quot;:[]},&quot;field_icon_size&quot;:{&quot;unit&quot;:&quot;px&quot;,&quot;size&quot;:&quot;&quot;,&quot;sizes&quot;:[]}}\" data-widget_type=\"form.default\">\n\t\t\t\t\t\t\t<form class=\"elementor-form\" method=\"post\" id=\"form_ustawa_kamilka\" name=\"Ustawa Kamilka\" aria-label=\"Ustawa Kamilka\">\n\t\t\t<input type=\"hidden\" name=\"post_id\" value=\"9192\"\/>\n\t\t\t<input type=\"hidden\" name=\"form_id\" value=\"58673269\"\/>\n\t\t\t<input type=\"hidden\" name=\"referer_title\" value=\"Kontrole, pytania i zmiany zwi\u0105zane z \u201eUstaw\u0105 Kamilka\u201d - Legalden - KANCELARIA ADWOKACKA\" \/>\n\n\t\t\t\t\t\t\t<input type=\"hidden\" name=\"queried_id\" value=\"8546\"\/>\n\t\t\t\n\t\t\t<div class=\"elementor-form-fields-wrapper elementor-labels-above\">\n\t\t\t\t\t\t\t\t<div class=\"elementor-field-type-text elementor-field-group elementor-column elementor-field-group-imie elementor-col-50 elementor-field-required elementor-mark-required\">\n\t\t\t\t\t\t\t\t\t\t\t\t<label for=\"form-field-imie\" class=\"elementor-field-label\">\n\t\t\t\t\t\t\t\tImi\u0119\t\t\t\t\t\t\t<\/label>\n\t\t\t\t\t\t\t\t\t\t\t\t\t\t<input size=\"1\" type=\"text\" name=\"form_fields[imie]\" id=\"form-field-imie\" class=\"elementor-field elementor-size-md  elementor-field-textual\" placeholder=\"Imi\u0119\" required=\"required\">\n\t\t\t\t\t\t\t\t\t\t\t<\/div>\n\t\t\t\t\t\t\t\t<div class=\"elementor-field-type-text elementor-field-group elementor-column elementor-field-group-nazwisko elementor-col-50\">\n\t\t\t\t\t\t\t\t\t\t\t\t<label for=\"form-field-nazwisko\" class=\"elementor-field-label\">\n\t\t\t\t\t\t\t\tNazwisko\t\t\t\t\t\t\t<\/label>\n\t\t\t\t\t\t\t\t\t\t\t\t\t\t<input size=\"1\" type=\"text\" name=\"form_fields[nazwisko]\" id=\"form-field-nazwisko\" class=\"elementor-field elementor-size-md  elementor-field-textual\" placeholder=\"Nazwisko\">\n\t\t\t\t\t\t\t\t\t\t\t<\/div>\n\t\t\t\t\t\t\t\t<div class=\"elementor-field-type-email elementor-field-group elementor-column elementor-field-group-email elementor-col-50 elementor-field-required elementor-mark-required\">\n\t\t\t\t\t\t\t\t\t\t\t\t<label for=\"form-field-email\" class=\"elementor-field-label\">\n\t\t\t\t\t\t\t\tEmail\t\t\t\t\t\t\t<\/label>\n\t\t\t\t\t\t\t\t\t\t\t\t\t\t<input size=\"1\" type=\"email\" name=\"form_fields[email]\" id=\"form-field-email\" class=\"elementor-field elementor-size-md  elementor-field-textual\" placeholder=\"Email\" required=\"required\">\n\t\t\t\t\t\t\t\t\t\t\t<\/div>\n\t\t\t\t\t\t\t\t<div class=\"elementor-field-type-number elementor-field-group elementor-column elementor-field-group-telefon elementor-col-50\">\n\t\t\t\t\t\t\t\t\t\t\t\t<label for=\"form-field-telefon\" class=\"elementor-field-label\">\n\t\t\t\t\t\t\t\tTelefon\t\t\t\t\t\t\t<\/label>\n\t\t\t\t\t\t\t\t\t<input type=\"number\" name=\"form_fields[telefon]\" id=\"form-field-telefon\" class=\"elementor-field elementor-size-md  elementor-field-textual\" placeholder=\"Telefon\" min=\"\" max=\"\" >\n\t\t\t\t\t\t<\/div>\n\t\t\t\t\t\t\t\t<div class=\"elementor-field-type-html elementor-field-group elementor-column elementor-field-group-zgoda_klauzula elementor-col-100\">\n\t\t\t\t\t<a href=\"https:\/\/legalden.pl\/polityka-prywatnosci-2\/\" target=\"_blank\">Polityka prywatno\u015bci<\/a>\t\t\t\t<\/div>\n\t\t\t\t\t\t\t\t<div class=\"elementor-field-group elementor-column elementor-field-type-submit elementor-col-100 e-form__buttons\">\n\t\t\t\t\t<button class=\"elementor-button elementor-size-md\" type=\"submit\" id=\"form_prawo_przyjazne_pracy_wyslij\">\n\t\t\t\t\t\t<span class=\"elementor-button-content-wrapper\">\n\t\t\t\t\t\t\t\t\t\t\t\t\t\t\t\t\t\t\t\t\t\t<span class=\"elementor-button-text\">Wy\u015blij<\/span>\n\t\t\t\t\t\t\t\t\t\t\t\t\t<\/span>\n\t\t\t\t\t<\/button>\n\t\t\t\t<\/div>\n\t\t\t<\/div>\n\t\t<\/form>\n\t\t\t\t\t\t<\/div>\n\t\t\t\t\t<\/div>\n\t\t\t\t<\/div>\n\t\t\t\t<\/div>\n\t\t\n\n\n\n<p><\/p>\n\n\n\n<pre class=\"wp-block-code\"><code><\/code><\/pre>\n\n\n\n<p><\/p>\n","protected":false},"excerpt":{"rendered":"<p>Najnowsza nowelizacja Kodeksu rodzinnego i opieku\u0144czego nazwana zosta\u0142a \u201eUstaw\u0105 Kamilka\u201d na cze\u015b\u0107 o\u015bmioletniego ch\u0142opca, kt\u00f3ry zmar\u0142 w wyniku przemocy domowej. Te tragiczne wydarzenia by\u0142y impulsem do wprowadzenia zmian, kt\u00f3rych g\u0142\u00f3wnym celem jest wdro\u017cenie \u201eStandard\u00f3w ochrony ma\u0142oletnich\u201d we wszystkich plac\u00f3wkach pracuj\u0105cych z dzie\u0107mi. Przepisy obejmuj\u0105 weryfikacj\u0119 personelu za przest\u0119pstwa seksualne i zwi\u0105zane z przemoc\u0105 na szkod\u0119 [&hellip;]<\/p>\n","protected":false},"author":7,"featured_media":6201,"comment_status":"open","ping_status":"open","sticky":false,"template":"","format":"standard","meta":{"_acf_changed":false,"footnotes":""},"categories":[1106,1094,35,42],"tags":[1112,1110,34,1126],"ppma_author":[1328],"class_list":["post-6193","post","type-post","status-publish","format-standard","has-post-thumbnail","hentry","category-impactden","category-ingo","category-ngo","category-biznes","tag-nowelizacja-kodeksu-rodzinnego","tag-ustawa-kamilka","tag-fundacja","tag-polityka-ochrony-dzieci"],"acf":[],"authors":[{"term_id":1328,"user_id":7,"is_guest":0,"slug":"natalia-krajewska","display_name":"Natalia Kwiatkowska","avatar_url":{"url":"https:\/\/legalden.pl\/wp-content\/uploads\/2025\/03\/Legalden-2025-6366-scaled-e1742571648165.jpg","url2x":"https:\/\/legalden.pl\/wp-content\/uploads\/2025\/03\/Legalden-2025-6366-scaled-e1742571648165.jpg"},"author_category":"","first_name":"Natalia","last_name":"Kwiatkowska","user_url":"","job_title":"prawo pracy | Standardy Ochrony Ma\u0142oletnich","telefon":"","mail":"natalia.kwiatkowska@legalden.pl","foto":"","tiktok":"","youtube":"","linkedin":"https:\/\/www.linkedin.com\/in\/natalia-kwiatkowska-a9473a168\/","instagram":"","twitter":"","facebook":"","description":"Adwokat i absolwentka studi\u00f3w prawniczych na WPiA Uniwersytetu Warszawskiego oraz studi\u00f3w podyplomowych na kierunku Prawo pracy i ubezpiecze\u0144 spo\u0142ecznych (kadry i p\u0142ace) na Uczelni \u0141azarskiego. Posiada do\u015bwiadczenie w bie\u017c\u0105cej obs\u0142udze prawnej polskich, jak i zagranicznych podmiot\u00f3w, wsp\u00f3\u0142pracuj\u0105c z przedsi\u0119biorcami, oraz organizacjami pozarz\u0105dowymi. Specjalizuje si\u0119 w doradztwie z zakresu prawa pracy i compliance, gdzie opracowuje i wdra\u017ca umowy, regulaminy oraz wewn\u0119trzne polityki, zapewniaj\u0105c zgodno\u015b\u0107 dzia\u0142a\u0144 firm z obowi\u0105zuj\u0105cymi przepisami. Jej praktyka obejmuje r\u00f3wnie\u017c wsparcie prawne NGO oraz szkolenia z prawa pracy, wolontariatu pracowniczego, a tak\u017ce nowelizacji kodeksu rodzinnego i opieku\u0144czego, znanej jako \u201eUstawa Kamilka\u201d."}],"_links":{"self":[{"href":"https:\/\/legalden.pl\/en\/wp-json\/wp\/v2\/posts\/6193","targetHints":{"allow":["GET"]}}],"collection":[{"href":"https:\/\/legalden.pl\/en\/wp-json\/wp\/v2\/posts"}],"about":[{"href":"https:\/\/legalden.pl\/en\/wp-json\/wp\/v2\/types\/post"}],"author":[{"embeddable":true,"href":"https:\/\/legalden.pl\/en\/wp-json\/wp\/v2\/users\/7"}],"replies":[{"embeddable":true,"href":"https:\/\/legalden.pl\/en\/wp-json\/wp\/v2\/comments?post=6193"}],"version-history":[{"count":0,"href":"https:\/\/legalden.pl\/en\/wp-json\/wp\/v2\/posts\/6193\/revisions"}],"wp:featuredmedia":[{"embeddable":true,"href":"https:\/\/legalden.pl\/en\/wp-json\/wp\/v2\/media\/6201"}],"wp:attachment":[{"href":"https:\/\/legalden.pl\/en\/wp-json\/wp\/v2\/media?parent=6193"}],"wp:term":[{"taxonomy":"category","embeddable":true,"href":"https:\/\/legalden.pl\/en\/wp-json\/wp\/v2\/categories?post=6193"},{"taxonomy":"post_tag","embeddable":true,"href":"https:\/\/legalden.pl\/en\/wp-json\/wp\/v2\/tags?post=6193"},{"taxonomy":"author","embeddable":true,"href":"https:\/\/legalden.pl\/en\/wp-json\/wp\/v2\/ppma_author?post=6193"}],"curies":[{"name":"wp","href":"https:\/\/api.w.org\/{rel}","templated":true}]}}