{"id":6271,"date":"2024-01-17T08:24:04","date_gmt":"2024-01-17T07:24:04","guid":{"rendered":"https:\/\/legalden.pl\/backup2\/?p=6271"},"modified":"2024-01-29T14:49:04","modified_gmt":"2024-01-29T13:49:04","slug":"nowosci-w-prawie-pracy-2024","status":"publish","type":"post","link":"https:\/\/legalden.pl\/en\/nowosci-w-prawie-pracy-2024\/","title":{"rendered":"Nowo\u015bci w prawie pracy 2024 \u2013 pracowniku co powiniene\u015b wiedzie\u0107?"},"content":{"rendered":"<p>Po roku 2023, kt\u00f3ry przyni\u00f3s\u0142 ogrom zmian zwi\u0105zanych z nowelizacj\u0105 Kodeksu pracy, rok 2024 nie zapowiada si\u0119 spokojniej. Zar\u00f3wno pracownik\u00f3w jak i pracodawc\u00f3w czeka szereg nowych regulacji prawnych. Zmiany dotycz\u0105 podwy\u017cszenia minimalnego wynagrodzenia, modyfikacji w systemie emerytur pomostowych, nowelizacji dotycz\u0105cej op\u0142at w post\u0119powaniach s\u0105dowych przeciwko pracodawcom oraz wielu innych zagadnie\u0144. <\/p>\n\n\n\n<h3 class=\"wp-block-heading\" id=\"h-wzrost-minimalnego-wynagrodzenia-za-prace-oraz-stawki-godzinowej\"><strong>Wzrost minimalnego wynagrodzenia za prac\u0119 oraz stawki godzinowej<\/strong><\/h3>\n\n\n\n<p>Od 1 stycznia 2024 roku minimalne wynagrodzenie krajowe zosta\u0142o podwy\u017cszone. Nowa wysoko\u015b\u0107 wzros\u0142a <strong>z aktualnej stawki 3600,00 z\u0142 brutto do kwoty 4242,00 z\u0142.<\/strong> Podwy\u017cszona zosta\u0142a r\u00f3wnie\u017c stawka godzinowa dla os\u00f3b na umowie zlecenie do kwoty 27,70 z\u0142. Nale\u017cy pami\u0119ta\u0107, \u017ce podwy\u017cszenie to ma r\u00f3wnie\u017c wp\u0142yw na inne elementy wynagrodzenia, takie jak dodatki za nadgodziny czy urlopy. <strong>Kolejne podwy\u017cki czekaj\u0105 pracownik\u00f3w 1 lipca 2024 roku.<\/strong> Minimalne wynagrodzenie wyniesie wtedy 4300,00 z\u0142 brutto, a stawka godzinowa za \u015bwiadczenie zlecenia wzro\u015bnie do 28,10 z\u0142.<\/p>\n\n\n\n<h3 class=\"wp-block-heading\" id=\"h-korzystne-zmiany-w-emeryturach-pomostowych\"><strong>Korzystne zmiany w emeryturach pomostowych<\/strong><\/h3>\n\n\n\n<p>Reforma emerytur pomostowych, kt\u00f3ra r\u00f3wnie\u017c wesz\u0142a w \u017cycie od stycznia 2024 roku ma na celu dostosowanie systemu do zmieniaj\u0105cej si\u0119 rzeczywisto\u015bci demograficznej i rynku pracy. Zmiany te maj\u0105 zapewni\u0107 wi\u0119ksz\u0105 elastyczno\u015b\u0107 i bezpiecze\u0144stwo dla os\u00f3b przechodz\u0105cych na emerytur\u0119. Zgodnie z nowymi przepisami \u015bwiadczenie z tytu\u0142u emerytury pomostowej od 1 stycznia 2024 roku maj\u0105 osoby, kt\u00f3re <strong>wykonywa\u0142y prac\u0119 w trudnych warunkach po 1 stycznia 1999 roku<\/strong>. Wprowadzenie nowych kryteri\u00f3w kwalifikacyjnych oraz zmiany w sposobie obliczania \u015bwiadcze\u0144 maj\u0105 na celu uczynienie systemu bardziej sprawiedliwym i zr\u00f3wnowa\u017conym finansowo.<\/p>\n\n\n\n<h3 class=\"wp-block-heading\" id=\"h-zwolnienia-z-kosztow-sadowych-dla-pracownikow\"><strong>Zwolnienia z koszt\u00f3w s\u0105dowych dla pracownik\u00f3w<\/strong><\/h3>\n\n\n\n<p>Nowe przepisy dotycz\u0105ce op\u0142at s\u0105dowych w sprawach pracowniczych maj\u0105 u\u0142atwi\u0107 dost\u0119p<br>do wymiaru sprawiedliwo\u015bci dla pracownik\u00f3w. W zakresie spraw pracowniczych i to niezale\u017cnie<br>od warto\u015bci przedmiotu sporu, <strong>pracownik nie musi obecnie wnosi\u0107 op\u0142aty od pozwu, je\u017celi pow\u00f3dztwo dotyczy prawa pracy.<\/strong> Co wa\u017cne, zwolnienie to dotyczy pism takich jak pozwy, a tak\u017ce wnioski o wszcz\u0119cie post\u0119powania nieprocesowego. Jedyny wyj\u0105tek, w ramach kt\u00f3rego <strong>pracownik b\u0119dzie musia\u0142 zap\u0142aci\u0107 op\u0142at\u0119 s\u0105dow\u0105 to apelacje, w kt\u00f3rych<\/strong> <strong>warto\u015b\u0107 przedmiotu sporu przewy\u017csza 50 000 z\u0142.<\/strong> Zmniejszenie barier finansowych w dost\u0119pie do s\u0105d\u00f3w jest krokiem w kierunku wzmocnienia ochrony praw pracowniczych. Zmiana ma na celu r\u00f3wnie\u017c przyspieszenie procedur s\u0105dowych i redukcj\u0119 obci\u0105\u017ce\u0144 administracyjnych dla pracownik\u00f3w.<\/p>\n\n\n\n<h3 class=\"wp-block-heading\" id=\"h-wyposazenie-stanowiska-pracy-oraz-dofinansowanie-do-szkiel-kontaktowych\"><strong>Wyposa\u017cenie stanowiska pracy oraz dofinansowanie do szkie\u0142 kontaktowych<\/strong><\/h3>\n\n\n\n<p>Zmiany zwi\u0105zane z wyposa\u017ceniem stanowiska pracy <strong>zacz\u0119\u0142y obowi\u0105zywa\u0107 ju\u017c od 17 listopada 2023 r., pracodawcy maj\u0105 jednak czas na ich wdro\u017cenie, kt\u00f3ry wynosi 6 miesi\u0119cy<\/strong>. Ustawodawca zwr\u00f3ci\u0142 szczeg\u00f3ln\u0105 uwag\u0119 na ergonomiczno\u015b\u0107 i bezpiecze\u0144stwo miejsca pracy. Je\u017celi pracownik przez co najmniej po\u0142ow\u0119 dobowego wymiaru pracy korzysta z laptopa, <strong>jego stanowisko pracy powinno by\u0107 wyposa\u017cone w stacjonarny monitor ekranowy lub podstawk\u0119 zapewniaj\u0105c\u0105 ustawienie ekranu<\/strong>, tak aby g\u00f3rna kraw\u0119d\u017a znajdowa\u0142a si\u0119 na wysoko\u015bci oczu pracownika, a tak\u017ce w dodatkow\u0105 klawiatur\u0119 i mysz.<\/p>\n\n\n\n<p>Wprowadzono r\u00f3wnie\u017c nowelizacj\u0119 dotycz\u0105c\u0105 dofinansowania zakupu szkie\u0142 kontaktowych dla pracownik\u00f3w. Jest to nowo\u015b\u0107, poniewa\u017c do tej pory pracownicy mogli wnioskowa\u0107 tylko o dofinansowanie do zakupu okular\u00f3w. Zmiana w tym zakresie jest odpowiedzi\u0105 na rosn\u0105ce zapotrzebowanie na wsparcie w zakresie ochrony wzroku, szczeg\u00f3lnie w\u015br\u00f3d os\u00f3b pracuj\u0105cych przy komputerach i innych urz\u0105dzeniach cyfrowych.<\/p>\n\n\n\n<p><\/p>\n\n\n\n<p>\u015aledz\u0105c na bie\u017c\u0105co zmiany w prawie pracy mog\u0119 \u015bmia\u0142o wskaza\u0107, \u017ce ostatni czas pokazuje, \u017ce uprawnienia pracownik\u00f3w w Polsce dynamicznie dostosowuj\u0105 si\u0119 do zmieniaj\u0105cej si\u0119 rzeczywisto\u015bci. Ma to kluczowe znaczenie dla ochrony praw pracownik\u00f3w, ale tak\u017ce rozwoju gospodarczego kraju. Warto by\u0107 na bie\u017c\u0105co z tymi zmianami, aby m\u00f3c w pe\u0142ni korzysta\u0107 z przys\u0142uguj\u0105cych praw i nowych mo\u017cliwo\u015bci.<\/p>\n\n\n\n<p>Je\u017celi chcesz dowiedzie\u0107 si\u0119 wi\u0119cej o zmianach w prawie pracy wprowadzonych w ubieg\u0142ym roku przeczytaj m\u00f3j artyku\u0142 -&gt; <a href=\"https:\/\/legalden.pl\/prawo-pracy-zmiany\/\" target=\"_blank\" rel=\"noreferrer noopener\">https:\/\/legalden.pl\/prawo-pracy-zmiany\/<\/a>.<\/p>\n\n\n\n<p><\/p>","protected":false},"excerpt":{"rendered":"<p>Po roku 2023, kt\u00f3ry przyni\u00f3s\u0142 ogrom zmian zwi\u0105zanych z nowelizacj\u0105 Kodeksu pracy, rok 2024 nie zapowiada si\u0119 spokojniej. Zar\u00f3wno pracownik\u00f3w jak i pracodawc\u00f3w czeka szereg nowych regulacji prawnych. Zmiany dotycz\u0105 podwy\u017cszenia minimalnego wynagrodzenia, modyfikacji w systemie emerytur pomostowych, nowelizacji dotycz\u0105cej op\u0142at w post\u0119powaniach s\u0105dowych przeciwko pracodawcom oraz wielu innych zagadnie\u0144. Wzrost minimalnego wynagrodzenia za prac\u0119 [&hellip;]<\/p>\n","protected":false},"author":7,"featured_media":6286,"comment_status":"open","ping_status":"open","sticky":false,"template":"","format":"standard","meta":{"_acf_changed":false,"footnotes":""},"categories":[1106,42,1084],"tags":[3],"ppma_author":[1328],"class_list":["post-6271","post","type-post","status-publish","format-standard","has-post-thumbnail","hentry","category-impactden","category-biznes","category-hr","tag-ngo"],"acf":[],"authors":[{"term_id":1328,"user_id":7,"is_guest":0,"slug":"natalia-krajewska","display_name":"Natalia Kwiatkowska","avatar_url":{"url":"https:\/\/legalden.pl\/wp-content\/uploads\/2025\/03\/Legalden-2025-6366-scaled-e1742571648165.jpg","url2x":"https:\/\/legalden.pl\/wp-content\/uploads\/2025\/03\/Legalden-2025-6366-scaled-e1742571648165.jpg"},"author_category":"","first_name":"Natalia","last_name":"Kwiatkowska","user_url":"","job_title":"prawo pracy | Standardy Ochrony Ma\u0142oletnich","telefon":"","mail":"natalia.kwiatkowska@legalden.pl","foto":"","tiktok":"","youtube":"","linkedin":"https:\/\/www.linkedin.com\/in\/natalia-kwiatkowska-a9473a168\/","instagram":"","twitter":"","facebook":"","description":"Adwokat i absolwentka studi\u00f3w prawniczych na WPiA Uniwersytetu Warszawskiego oraz studi\u00f3w podyplomowych na kierunku Prawo pracy i ubezpiecze\u0144 spo\u0142ecznych (kadry i p\u0142ace) na Uczelni \u0141azarskiego. Posiada do\u015bwiadczenie w bie\u017c\u0105cej obs\u0142udze prawnej polskich, jak i zagranicznych podmiot\u00f3w, wsp\u00f3\u0142pracuj\u0105c z przedsi\u0119biorcami, oraz organizacjami pozarz\u0105dowymi. Specjalizuje si\u0119 w doradztwie z zakresu prawa pracy i compliance, gdzie opracowuje i wdra\u017ca umowy, regulaminy oraz wewn\u0119trzne polityki, zapewniaj\u0105c zgodno\u015b\u0107 dzia\u0142a\u0144 firm z obowi\u0105zuj\u0105cymi przepisami. Jej praktyka obejmuje r\u00f3wnie\u017c wsparcie prawne NGO oraz szkolenia z prawa pracy, wolontariatu pracowniczego, a tak\u017ce nowelizacji kodeksu rodzinnego i opieku\u0144czego, znanej jako \u201eUstawa Kamilka\u201d."}],"_links":{"self":[{"href":"https:\/\/legalden.pl\/en\/wp-json\/wp\/v2\/posts\/6271","targetHints":{"allow":["GET"]}}],"collection":[{"href":"https:\/\/legalden.pl\/en\/wp-json\/wp\/v2\/posts"}],"about":[{"href":"https:\/\/legalden.pl\/en\/wp-json\/wp\/v2\/types\/post"}],"author":[{"embeddable":true,"href":"https:\/\/legalden.pl\/en\/wp-json\/wp\/v2\/users\/7"}],"replies":[{"embeddable":true,"href":"https:\/\/legalden.pl\/en\/wp-json\/wp\/v2\/comments?post=6271"}],"version-history":[{"count":0,"href":"https:\/\/legalden.pl\/en\/wp-json\/wp\/v2\/posts\/6271\/revisions"}],"wp:featuredmedia":[{"embeddable":true,"href":"https:\/\/legalden.pl\/en\/wp-json\/wp\/v2\/media\/6286"}],"wp:attachment":[{"href":"https:\/\/legalden.pl\/en\/wp-json\/wp\/v2\/media?parent=6271"}],"wp:term":[{"taxonomy":"category","embeddable":true,"href":"https:\/\/legalden.pl\/en\/wp-json\/wp\/v2\/categories?post=6271"},{"taxonomy":"post_tag","embeddable":true,"href":"https:\/\/legalden.pl\/en\/wp-json\/wp\/v2\/tags?post=6271"},{"taxonomy":"author","embeddable":true,"href":"https:\/\/legalden.pl\/en\/wp-json\/wp\/v2\/ppma_author?post=6271"}],"curies":[{"name":"wp","href":"https:\/\/api.w.org\/{rel}","templated":true}]}}