{"id":8145,"date":"2024-07-05T12:33:00","date_gmt":"2024-07-05T10:33:00","guid":{"rendered":"https:\/\/legalden.pl\/?p=8145"},"modified":"2025-02-04T14:14:13","modified_gmt":"2025-02-04T13:14:13","slug":"dyskryminacja-i-mobbing-w-miejscu-prac","status":"publish","type":"post","link":"https:\/\/legalden.pl\/en\/dyskryminacja-i-mobbing-w-miejscu-prac\/","title":{"rendered":"Dyskryminacja i mobbing w miejscu pracy \u2013 jak si\u0119 chroni\u0107?"},"content":{"rendered":"\n<p>Dyskryminacja i mobbing to dwa powa\u017cne problemy, kt\u00f3re mog\u0105 i niestety coraz cz\u0119\u015bciej wyst\u0119puj\u0105 w miejscu pracy. Oba zjawiska maj\u0105 negatywny wp\u0142yw na zdrowie psychiczne i fizyczne pracownik\u00f3w oraz na atmosfer\u0119 i efektywno\u015b\u0107 pracy w ca\u0142ej organizacji.<\/p>\n\n\n\n<h3 class=\"wp-block-heading\" id=\"h-dyskryminacja\"><strong>Dyskryminacja<\/strong><\/h3>\n\n\n\n<p>Dyskryminacja polega na nier\u00f3wnym traktowaniu pracownik\u00f3w ze wzgl\u0119du na cechy takie jak p\u0142e\u0107, wiek, rasa, religia, orientacja seksualna, niepe\u0142nosprawno\u015b\u0107 czy inne cechy osobiste. Przyk\u0142ady dyskryminacji to odmowa awansu, niesprawiedliwe zwolnienie, nieuzasadnione r\u00f3\u017cnice<br>w wynagrodzeniu oraz brak dost\u0119pu do szkole\u0144 i mo\u017cliwo\u015bci rozwoju zawodowego.<\/p>\n\n\n\n<h3 class=\"wp-block-heading\" id=\"h-mobbing\"><strong>Mobbing<\/strong><\/h3>\n\n\n\n<p>Mobbing to systematyczne, d\u0142ugotrwa\u0142e n\u0119kanie pracownika przez wsp\u00f3\u0142pracownik\u00f3w lub prze\u0142o\u017conych. Objawia si\u0119 m.in. przez poni\u017canie, wy\u015bmiewanie, izolowanie, nieuzasadnione krytykowanie, przydzielanie zada\u0144 poni\u017cej kwalifikacji lub zbyt trudnych do wykonania. Skutki mobbingu mog\u0105 obejmowa\u0107 stres, depresj\u0119, rezygnacj\u0119 z pracy lub inne bardziej powa\u017cne skutki zar\u00f3wno w \u017cyciu zawodowym jak i prywatnym.<\/p>\n\n\n\n<h3 class=\"wp-block-heading\" id=\"h-jak-sie-chronic-przed-dyskryminacja-i-mobbingiem\"><strong>Jak si\u0119 chroni\u0107 przed dyskryminacj\u0105 i mobbingiem?<\/strong><\/h3>\n\n\n\n<p>Pracownicy powinni by\u0107 \u015bwiadomi swoich praw wynikaj\u0105cych z licznych ustaw. W Polsce prawa te regulowane s\u0105 m.in. przez Kodeks pracy oraz Ustaw\u0119 o wdra\u017caniu niekt\u00f3rych przepis\u00f3w Unii Europejskiej w zakresie r\u00f3wnego traktowania.<\/p>\n\n\n\n<p>Wa\u017cne jest prowadzenie dok\u0142adnej dokumentacji wszelkich incydent\u00f3w dyskryminacji czy mobbingu, w tym zapisywanie dat, miejsc, tre\u015bci rozm\u00f3w i \u015bwiadk\u00f3w zdarze\u0144.<\/p>\n\n\n\n<p>Warto jednak zg\u0142asza\u0107 problem na samym pocz\u0105tku, swojemu najbli\u017cszemu prze\u0142o\u017conemu lub dzia\u0142owi HR. Je\u015bli to nie przyniesie rezultat\u00f3w lub b\u0119dzie zlekcewa\u017cone, nale\u017cy z\u0142o\u017cy\u0107 skarg\u0119 do Pa\u0144stwowej Inspekcji Pracy lub wnie\u015b\u0107 spraw\u0119 do s\u0105du pracy.<\/p>\n\n\n\n<p>Pracownicy powinni pami\u0119ta\u0107 r\u00f3wnie\u017c, \u017ce mog\u0105 zwr\u00f3ci\u0107 si\u0119 o pomoc do swoich zwi\u0105zk\u00f3w zawodowych, kt\u00f3re cz\u0119sto oferuj\u0105 wsparcie prawne i psychologiczne w tym zakresie.<\/p>\n\n\n\n<h3 class=\"wp-block-heading\" id=\"h-prawa-osob-mobbowanych-i-dyskryminowanych\"><strong>Prawa os\u00f3b mobbowanych i dyskryminowanych<\/strong><\/h3>\n\n\n\n<p>W Polsce osoby dotkni\u0119te dyskryminacj\u0105 lub mobbingiem maj\u0105 prawo do r\u00f3wnego traktowania, co wynika bezpo\u015brednio z Kodeksu pracy:<\/p>\n\n\n\n<p>\u201eArt.&nbsp; 11<sup>1<\/sup>.&nbsp; [Poszanowanie d\u00f3br osobistych pracownika] Pracodawca jest obowi\u0105zany szanowa\u0107 godno\u015b\u0107 i inne dobra osobiste pracownika.<\/p>\n\n\n\n<p>Art.&nbsp; 11<sup>2<\/sup>.&nbsp; [Zasada r\u00f3wnego traktowania pracownik\u00f3w] Pracownicy maj\u0105 r\u00f3wne prawa z tytu\u0142u jednakowego wype\u0142niania takich samych obowi\u0105zk\u00f3w; dotyczy to w szczeg\u00f3lno\u015bci r\u00f3wnego traktowania m\u0119\u017cczyzn i kobiet w zatrudnieniu.<\/p>\n\n\n\n<p>Art.&nbsp; 11<sup>3<\/sup>.&nbsp; [Zakaz dyskryminacji] Jakakolwiek dyskryminacja w zatrudnieniu, bezpo\u015brednia lub po\u015brednia, w szczeg\u00f3lno\u015bci ze wzgl\u0119du na p\u0142e\u0107, wiek, niepe\u0142nosprawno\u015b\u0107, ras\u0119, religi\u0119, narodowo\u015b\u0107, przekonania polityczne, przynale\u017cno\u015b\u0107 zwi\u0105zkow\u0105, pochodzenie etniczne, wyznanie, orientacj\u0119 seksualn\u0105, zatrudnienie na czas okre\u015blony lub nieokre\u015blony, zatrudnienie w pe\u0142nym lub w niepe\u0142nym wymiarze czasu pracy &#8211; jest niedopuszczalna.\u201d<\/p>\n\n\n\n<p>Pracownik, u kt\u00f3rego mobbing wywo\u0142a\u0142 rozstr\u00f3j zdrowia, mo\u017ce dochodzi\u0107 od pracodawcy odpowiedniej sumy tytu\u0142em zado\u015b\u0107uczynienia pieni\u0119\u017cnego za doznan\u0105 krzywd\u0119. Pracownik, kt\u00f3ry dozna\u0142 mobbingu lub wskutek mobbingu rozwi\u0105za\u0142 umow\u0119 o prac\u0119, ma prawo dochodzi\u0107 od pracodawcy odszkodowania w wysoko\u015bci nie ni\u017cszej ni\u017c minimalne wynagrodzenie za prac\u0119, ustalane na podstawie odr\u0119bnych przepis\u00f3w<\/p>\n\n\n\n<h3 class=\"wp-block-heading\" id=\"h-jak-pracodawca-powinien-zapobiegac-dyskryminacji-i-mobbingowi\"><strong>Jak pracodawca powinien zapobiega\u0107 dyskryminacji i mobbingowi?<\/strong><\/h3>\n\n\n\n<ol class=\"wp-block-list\">\n<li>Pracodawcy powinni opracowa\u0107 i wdro\u017cy\u0107 polityk\u0119 antydyskryminacyjn\u0105 oraz procedury zg\u0142aszania i rozpatrywania skarg na dyskryminacj\u0119 i mobbing.<\/li>\n\n\n\n<li>Regularne szkolenia dla pracownik\u00f3w i kadry kierowniczej na temat przeciwdzia\u0142ania dyskryminacji i mobbingowi mog\u0105 zwi\u0119kszy\u0107 \u015bwiadomo\u015b\u0107 i zmniejszy\u0107 ryzyko wyst\u0105pienia takich zachowa\u0144.<\/li>\n\n\n\n<li>Tworzenie pozytywnej i wspieraj\u0105cej kultury organizacyjnej, w kt\u00f3rej wszyscy pracownicy s\u0105 traktowani z szacunkiem, jest kluczowe.<\/li>\n\n\n\n<li>Pracodawcy powinni regularnie monitorowa\u0107 sytuacj\u0119 w firmie, przeprowadza\u0107 anonimowe ankiety w\u015br\u00f3d pracownik\u00f3w oraz analizowa\u0107 wyniki w celu wczesnego wykrywania problem\u00f3w.<\/li>\n\n\n\n<li>Otwarta i jasna komunikacja mi\u0119dzy pracownikami a kierownictwem jest kluczowa. Pracodawcy powinni promowa\u0107 otwarto\u015b\u0107 w zg\u0142aszaniu problem\u00f3w i obaw.<\/li>\n\n\n\n<li>Szybkie i skuteczne reagowanie na skargi dotycz\u0105ce dyskryminacji i mobbingu mo\u017ce zapobiec eskalacji problemu.<\/li>\n\n\n\n<li>Pracodawcy powinni oferowa\u0107 wsparcie psychologiczne i prawne dla os\u00f3b dotkni\u0119tych dyskryminacj\u0105 lub mobbingiem.<\/li>\n\n\n\n<li>Kierownictwo powinno dawa\u0107 przyk\u0142ad, przestrzegaj\u0105c zasad r\u00f3wnego traktowania i szacunku w miejscu pracy.<\/li>\n<\/ol>\n\n\n\n<p><\/p>\n\n\n\n<h3 class=\"wp-block-heading\" id=\"h-co-mozemy-dla-ciebie-zrobic\">Co mo\u017cemy dla Ciebie zrobi\u0107<\/h3>\n\n\n\n<p>Dyskryminacja i mobbing w miejscu pracy to powa\u017cne problemy, kt\u00f3re wymagaj\u0105 aktywnego przeciwdzia\u0142ania ze strony pracodawc\u00f3w oraz \u015bwiadomo\u015bci i determinacji pracownik\u00f3w. Je\u017celi b\u0119dziesz potrzebowa\u0107 pomocy przy tworzeniu dokumentacji dotycz\u0105cej przeciwdzia\u0142aniu dyskryminacji i mobbingowi napisz do mnie -> <a href=\"mailto:natalia.kwiatkowska@legalden.pl\" target=\"_blank\" rel=\"noreferrer noopener\">natalia.kwiatkowska@legalden.pl<\/a> lub wype\u0142nij poni\u017cszy formularz &#8211; odezwiemy si\u0119 do Ciebie. <\/p>\n\n\n\n<p><\/p>\n\n\n\t\t<div data-elementor-type=\"container\" data-elementor-id=\"9172\" class=\"elementor elementor-9172\" data-elementor-post-type=\"elementor_library\">\n\t\t\t\t<div class=\"elementor-element elementor-element-0ed44ce e-flex e-con-boxed e-con e-parent\" data-id=\"0ed44ce\" data-element_type=\"container\" data-e-type=\"container\">\n\t\t\t\t\t<div class=\"e-con-inner\">\n\t\t\t\t<div class=\"elementor-element elementor-element-f723b1e elementor-button-align-end elementor-widget elementor-widget-form\" data-id=\"f723b1e\" data-element_type=\"widget\" data-e-type=\"widget\" data-settings=\"{&quot;step_type&quot;:&quot;none&quot;,&quot;step_icon_shape&quot;:&quot;none&quot;,&quot;button_width&quot;:&quot;100&quot;,&quot;label_icon_size&quot;:{&quot;unit&quot;:&quot;px&quot;,&quot;size&quot;:&quot;&quot;,&quot;sizes&quot;:[]},&quot;field_icon_size&quot;:{&quot;unit&quot;:&quot;px&quot;,&quot;size&quot;:&quot;&quot;,&quot;sizes&quot;:[]}}\" data-widget_type=\"form.default\">\n\t\t\t\t\t\t\t<form class=\"elementor-form\" method=\"post\" id=\"form_prawo_przyjazne_pracy\" name=\"Prawo przyjazne pracy\" aria-label=\"Prawo przyjazne pracy\">\n\t\t\t<input type=\"hidden\" name=\"post_id\" value=\"9172\"\/>\n\t\t\t<input type=\"hidden\" name=\"form_id\" value=\"f723b1e\"\/>\n\t\t\t<input type=\"hidden\" name=\"referer_title\" value=\"Mobbing - najcz\u0119\u015bciej zadawane pytania - Legalden - KANCELARIA ADWOKACKA\" \/>\n\n\t\t\t\t\t\t\t<input type=\"hidden\" name=\"queried_id\" value=\"11922\"\/>\n\t\t\t\n\t\t\t<div class=\"elementor-form-fields-wrapper elementor-labels-above\">\n\t\t\t\t\t\t\t\t<div class=\"elementor-field-type-text elementor-field-group elementor-column elementor-field-group-imie elementor-col-50 elementor-field-required elementor-mark-required\">\n\t\t\t\t\t\t\t\t\t\t\t\t<label for=\"form-field-imie\" class=\"elementor-field-label\">\n\t\t\t\t\t\t\t\tImi\u0119\t\t\t\t\t\t\t<\/label>\n\t\t\t\t\t\t\t\t\t\t\t\t\t\t<input size=\"1\" type=\"text\" name=\"form_fields[imie]\" id=\"form-field-imie\" class=\"elementor-field elementor-size-md  elementor-field-textual\" placeholder=\"Imi\u0119\" required=\"required\">\n\t\t\t\t\t\t\t\t\t\t\t<\/div>\n\t\t\t\t\t\t\t\t<div class=\"elementor-field-type-text elementor-field-group elementor-column elementor-field-group-nazwisko elementor-col-50\">\n\t\t\t\t\t\t\t\t\t\t\t\t<label for=\"form-field-nazwisko\" class=\"elementor-field-label\">\n\t\t\t\t\t\t\t\tNazwisko\t\t\t\t\t\t\t<\/label>\n\t\t\t\t\t\t\t\t\t\t\t\t\t\t<input size=\"1\" type=\"text\" name=\"form_fields[nazwisko]\" id=\"form-field-nazwisko\" class=\"elementor-field elementor-size-md  elementor-field-textual\" placeholder=\"Nazwisko\">\n\t\t\t\t\t\t\t\t\t\t\t<\/div>\n\t\t\t\t\t\t\t\t<div class=\"elementor-field-type-email elementor-field-group elementor-column elementor-field-group-email elementor-col-50 elementor-field-required elementor-mark-required\">\n\t\t\t\t\t\t\t\t\t\t\t\t<label for=\"form-field-email\" class=\"elementor-field-label\">\n\t\t\t\t\t\t\t\tEmail\t\t\t\t\t\t\t<\/label>\n\t\t\t\t\t\t\t\t\t\t\t\t\t\t<input size=\"1\" type=\"email\" name=\"form_fields[email]\" id=\"form-field-email\" class=\"elementor-field elementor-size-md  elementor-field-textual\" placeholder=\"Email\" required=\"required\">\n\t\t\t\t\t\t\t\t\t\t\t<\/div>\n\t\t\t\t\t\t\t\t<div class=\"elementor-field-type-number elementor-field-group elementor-column elementor-field-group-telefon elementor-col-50\">\n\t\t\t\t\t\t\t\t\t\t\t\t<label for=\"form-field-telefon\" class=\"elementor-field-label\">\n\t\t\t\t\t\t\t\tTelefon\t\t\t\t\t\t\t<\/label>\n\t\t\t\t\t\t\t\t\t<input type=\"number\" name=\"form_fields[telefon]\" id=\"form-field-telefon\" class=\"elementor-field elementor-size-md  elementor-field-textual\" placeholder=\"Telefon\" min=\"\" max=\"\" >\n\t\t\t\t\t\t<\/div>\n\t\t\t\t\t\t\t\t<div class=\"elementor-field-type-html elementor-field-group elementor-column elementor-field-group-zgoda_klauzula elementor-col-100\">\n\t\t\t\t\t<a href=\"https:\/\/legalden.pl\/polityka-prywatnosci-2\" target=\"_blank\">Chcesz wiedzie\u0107, jak przetwarzamy dane? Zapoznaj si\u0119 z Polityk\u0105 prywatno\u015bci.<\/a>\t\t\t\t<\/div>\n\t\t\t\t\t\t\t\t<div class=\"elementor-field-group elementor-column elementor-field-type-submit elementor-col-100 e-form__buttons\">\n\t\t\t\t\t<button class=\"elementor-button elementor-size-md\" type=\"submit\" id=\"form_prawo_przyjazne_pracy_wyslij\">\n\t\t\t\t\t\t<span class=\"elementor-button-content-wrapper\">\n\t\t\t\t\t\t\t\t\t\t\t\t\t\t\t\t\t\t\t\t\t\t<span class=\"elementor-button-text\">Wy\u015blij<\/span>\n\t\t\t\t\t\t\t\t\t\t\t\t\t<\/span>\n\t\t\t\t\t<\/button>\n\t\t\t\t<\/div>\n\t\t\t<\/div>\n\t\t<\/form>\n\t\t\t\t\t\t<\/div>\n\t\t\t\t\t<\/div>\n\t\t\t\t<\/div>\n\t\t\t\t<\/div>\n\t\t\n\n\n\n<p><\/p>\n","protected":false},"excerpt":{"rendered":"<p>Dyskryminacja i mobbing to dwa powa\u017cne problemy, kt\u00f3re mog\u0105 i niestety coraz cz\u0119\u015bciej wyst\u0119puj\u0105 w miejscu pracy. Oba zjawiska maj\u0105 negatywny wp\u0142yw na zdrowie psychiczne i fizyczne pracownik\u00f3w oraz na atmosfer\u0119 i efektywno\u015b\u0107 pracy w ca\u0142ej organizacji. Dyskryminacja Dyskryminacja polega na nier\u00f3wnym traktowaniu pracownik\u00f3w ze wzgl\u0119du na cechy takie jak p\u0142e\u0107, wiek, rasa, religia, orientacja [&hellip;]<\/p>\n","protected":false},"author":7,"featured_media":8190,"comment_status":"open","ping_status":"open","sticky":false,"template":"","format":"standard","meta":{"_acf_changed":false,"footnotes":""},"categories":[1092,42,1084],"tags":[37],"ppma_author":[1328],"class_list":["post-8145","post","type-post","status-publish","format-standard","has-post-thumbnail","hentry","category-esg","category-biznes","category-hr","tag-prawo-pracy"],"acf":[],"authors":[{"term_id":1328,"user_id":7,"is_guest":0,"slug":"natalia-krajewska","display_name":"Natalia Kwiatkowska","avatar_url":{"url":"https:\/\/legalden.pl\/wp-content\/uploads\/2025\/03\/Legalden-2025-6366-scaled-e1742571648165.jpg","url2x":"https:\/\/legalden.pl\/wp-content\/uploads\/2025\/03\/Legalden-2025-6366-scaled-e1742571648165.jpg"},"author_category":"","first_name":"Natalia","last_name":"Kwiatkowska","user_url":"","job_title":"prawo pracy | Standardy Ochrony Ma\u0142oletnich","telefon":"","mail":"natalia.kwiatkowska@legalden.pl","foto":"","tiktok":"","youtube":"","linkedin":"https:\/\/www.linkedin.com\/in\/natalia-kwiatkowska-a9473a168\/","instagram":"","twitter":"","facebook":"","description":"Adwokat i absolwentka studi\u00f3w prawniczych na WPiA Uniwersytetu Warszawskiego oraz studi\u00f3w podyplomowych na kierunku Prawo pracy i ubezpiecze\u0144 spo\u0142ecznych (kadry i p\u0142ace) na Uczelni \u0141azarskiego. Posiada do\u015bwiadczenie w bie\u017c\u0105cej obs\u0142udze prawnej polskich, jak i zagranicznych podmiot\u00f3w, wsp\u00f3\u0142pracuj\u0105c z przedsi\u0119biorcami, oraz organizacjami pozarz\u0105dowymi. Specjalizuje si\u0119 w doradztwie z zakresu prawa pracy i compliance, gdzie opracowuje i wdra\u017ca umowy, regulaminy oraz wewn\u0119trzne polityki, zapewniaj\u0105c zgodno\u015b\u0107 dzia\u0142a\u0144 firm z obowi\u0105zuj\u0105cymi przepisami. Jej praktyka obejmuje r\u00f3wnie\u017c wsparcie prawne NGO oraz szkolenia z prawa pracy, wolontariatu pracowniczego, a tak\u017ce nowelizacji kodeksu rodzinnego i opieku\u0144czego, znanej jako \u201eUstawa Kamilka\u201d."}],"_links":{"self":[{"href":"https:\/\/legalden.pl\/en\/wp-json\/wp\/v2\/posts\/8145","targetHints":{"allow":["GET"]}}],"collection":[{"href":"https:\/\/legalden.pl\/en\/wp-json\/wp\/v2\/posts"}],"about":[{"href":"https:\/\/legalden.pl\/en\/wp-json\/wp\/v2\/types\/post"}],"author":[{"embeddable":true,"href":"https:\/\/legalden.pl\/en\/wp-json\/wp\/v2\/users\/7"}],"replies":[{"embeddable":true,"href":"https:\/\/legalden.pl\/en\/wp-json\/wp\/v2\/comments?post=8145"}],"version-history":[{"count":0,"href":"https:\/\/legalden.pl\/en\/wp-json\/wp\/v2\/posts\/8145\/revisions"}],"wp:featuredmedia":[{"embeddable":true,"href":"https:\/\/legalden.pl\/en\/wp-json\/wp\/v2\/media\/8190"}],"wp:attachment":[{"href":"https:\/\/legalden.pl\/en\/wp-json\/wp\/v2\/media?parent=8145"}],"wp:term":[{"taxonomy":"category","embeddable":true,"href":"https:\/\/legalden.pl\/en\/wp-json\/wp\/v2\/categories?post=8145"},{"taxonomy":"post_tag","embeddable":true,"href":"https:\/\/legalden.pl\/en\/wp-json\/wp\/v2\/tags?post=8145"},{"taxonomy":"author","embeddable":true,"href":"https:\/\/legalden.pl\/en\/wp-json\/wp\/v2\/ppma_author?post=8145"}],"curies":[{"name":"wp","href":"https:\/\/api.w.org\/{rel}","templated":true}]}}