{"id":8358,"date":"2024-08-20T12:20:53","date_gmt":"2024-08-20T10:20:53","guid":{"rendered":"https:\/\/legalden.pl\/?p=8358"},"modified":"2025-02-14T11:35:47","modified_gmt":"2025-02-14T10:35:47","slug":"najczesciej-zadawane-pytania-dotyczace-ustawy-kamilka","status":"publish","type":"post","link":"https:\/\/legalden.pl\/en\/najczesciej-zadawane-pytania-dotyczace-ustawy-kamilka\/","title":{"rendered":"Najcz\u0119\u015bciej zadawane pytania dotycz\u0105ce \u201eUstawy Kamilka\u201d"},"content":{"rendered":"\n<p>W sierpniu 2024 roku zacz\u0119\u0142a obowi\u0105zywa\u0107 tzw. &#8222;Ustawa Kamilka&#8221;, czyli nowelizacja Kodeksu rodzinnego i opieku\u0144czego oraz innych ustaw, maj\u0105ca na celu wzmocnienie ochrony dzieci przed przemoc\u0105 i zaniedbaniem. Ta znacz\u0105ca zmiana w polskim systemie prawnym wywo\u0142a\u0142a wiele pyta\u0144 i w\u0105tpliwo\u015bci, zw\u0142aszcza w\u015br\u00f3d organizator\u00f3w aktywno\u015bci dla dzieci, rodzic\u00f3w, opiekun\u00f3w i pracownik\u00f3w, kt\u00f3rzy musz\u0105 przechodzi\u0107 weryfikacj\u0119. Poni\u017cej przedstawiam odpowiedzi na najcz\u0119\u015bciej zadawane pytania zwi\u0105zane z tym aktem prawnym.<\/p>\n\n\n\n<h2 class=\"wp-block-heading\" id=\"h-1-kto-musi-wdrozyc-standardy-ochrony-maloletnich-som\"><strong>1. Kto musi wdro\u017cy\u0107 Standardy Ochrony Ma\u0142oletnich (SOM)?<\/strong><\/h2>\n\n\n\n<p>SOM musz\u0105 by\u0107 wdro\u017cone przez wszystkie instytucje i organizacje, kt\u00f3re maj\u0105 bezpo\u015bredni kontakt z dzie\u0107mi. Obejmuje to plac\u00f3wki edukacyjne (szko\u0142y, przedszkola), plac\u00f3wki opieku\u0144czo-wychowawcze, organizacje pozarz\u0105dowe dzia\u0142aj\u0105ce na rzecz dzieci, a tak\u017ce instytucje kultury, sportu, zdrowia oraz wszelkie inne podmioty, kt\u00f3re \u015bwiadcz\u0105 us\u0142ugi na rzecz ma\u0142oletnich. Obowi\u0105zek ten dotyczy zar\u00f3wno podmiot\u00f3w publicznych, jak i prywatnych. Ustawa wskazuj\u0119 aby SOM powsta\u0142y r\u00f3wnie\u017c w obiektach noclegowych, gdzie mog\u0105 pojawia\u0107 si\u0119 dzieci (hotele, o\u015brodki wypoczynkowe, pensjonaty i inne).<\/p>\n\n\n\n<h2 class=\"wp-block-heading\" id=\"h-2-kogo-nalezy-weryfikowac-caly-personel-czy-poszczegolne-dzialy-stanowiska\"><strong>2. Kogo nale\u017cy weryfikowa\u0107? Ca\u0142y personel czy poszczeg\u00f3lne dzia\u0142y\/stanowiska?<\/strong><\/h2>\n\n\n\n<p>Weryfikacji powinni podlega\u0107 wszyscy pracownicy oraz wsp\u00f3\u0142pracownicy, kt\u00f3rzy maj\u0105 bezpo\u015bredni kontakt z dzie\u0107mi. Obejmuje to nie tylko nauczycieli czy opiekun\u00f3w, ale r\u00f3wnie\u017c osoby prowadz\u0105ce zaj\u0119cia dodatkowe, trener\u00f3w sportowych i wolontariuszy. Kluczowe jest, aby weryfikacja obj\u0119\u0142a ka\u017cdego, kto mo\u017ce mie\u0107 wp\u0142yw na bezpiecze\u0144stwo i dobrostan dzieci.<\/p>\n\n\n\n<h2 class=\"wp-block-heading\" id=\"h-3-jak-ma-przebiegac-weryfikacja-zgodnie-z-ustawa-kamilka\"><strong>3. Jak ma przebiega\u0107 weryfikacja zgodnie z \u201eUstaw\u0105 Kamilka\u201d?<\/strong><\/h2>\n\n\n\n<p>W kontek\u015bcie \u201eUstawy Kamilka\u201d istotnym elementem weryfikacji os\u00f3b maj\u0105cych kontakt z dzie\u0107mi jest podw\u00f3jna kontrola w dw\u00f3ch rejestrach: Krajowym Rejestrze Karnym (KRK) oraz Rejestrze Sprawc\u00f3w Przest\u0119pstw na Tle Seksualnym (RSPTS). Ta podw\u00f3jna weryfikacja ma na celu zapobieganie sytuacjom, w kt\u00f3rych osoby karane lub skazane za przest\u0119pstwa  mog\u0142yby pracowa\u0107 lub przebywa\u0107 w otoczeniu dzieci, co zwi\u0119ksza bezpiecze\u0144stwo najm\u0142odszych. Pracodawcy lub osoby odpowiedzialne za rekrutacj\u0119 musz\u0105 uzyska\u0107 za\u015bwiadczenia z KRK oraz przeprowadzi\u0107 kontrol\u0119 w RSPTS. Osoby aplikuj\u0105ce o prac\u0119 lub wolontariat w miejscach zwi\u0105zanych z opiek\u0105 nad dzie\u0107mi s\u0105 zobowi\u0105zane dostarczy\u0107 za\u015bwiadczenie o niekaralno\u015bci z KRK oraz przej\u015b\u0107 weryfikacj\u0119 pod k\u0105tem przest\u0119pstw seksualnych w RSPTS. Je\u017celi w trakcie weryfikacji oka\u017ce si\u0119, \u017ce osoba figuruje w KRK lub RSPTS, nie mo\u017ce ona podj\u0105\u0107 pracy ani dzia\u0142alno\u015bci zwi\u0105zanej z opiek\u0105 nad dzie\u0107mi. Pracodawca ma obowi\u0105zek odm\u00f3wi\u0107 zatrudnienia lub natychmiastowo rozwi\u0105za\u0107 umow\u0119 z tak\u0105 osob\u0105. Podw\u00f3jna weryfikacja w KRK i RSPTS jest kluczowym elementem prewencji, kt\u00f3ry ma na celu eliminacj\u0119 ryzyka zagro\u017ce\u0144 zwi\u0105zanych z przemoc\u0105 i przest\u0119pstwami w otoczeniu dzieci. <\/p>\n\n\n\n<h2 class=\"wp-block-heading\" id=\"h-4-od-kiedy-mam-zaczac-weryfikowac-personel\"><strong>4. Od kiedy mam zacz\u0105\u0107 weryfikowa\u0107 personel?<\/strong><\/h2>\n\n\n\n<p>Obowi\u0105zek weryfikacji personelu w zakresie zgodno\u015bci z nowymi SOM wszed\u0142 w \u017cycie od dnia 15 lutego 2024 roku. Wszystkie organizacje i instytucje zobowi\u0105zane s\u0105 do niezw\u0142ocznego rozpocz\u0119cia procesu weryfikacji os\u00f3b, kt\u00f3re podj\u0119\u0142y prac\u0119\/wolontariat po 15 lutego 2024 roku. Bez znaczenia jest tutaj forma zatrudnienia. Bez wzgl\u0119du na to jak\u0105 zawarli\u015bmy umow\u0119 lub porozumienie (umowa o prac\u0119, umowa zlecenia, porozumienie wolontariackie, inne) na podmiocie organizuj\u0105cym dzia\u0142alno\u015b\u0107 z dzie\u0107mi spoczywa obowi\u0105zek weryfikacji.<\/p>\n\n\n\n<h2 class=\"wp-block-heading\" id=\"h-5-jakie-dokumenty-procedury-musze-opracowac\"><strong>5. Jakie dokumenty\/procedury musz\u0119 opracowa\u0107?<\/strong><\/h2>\n\n\n\n<p>Ka\u017cda organizacja zobowi\u0105zana w  jest do opracowania i wdro\u017cenia szeregu dokument\u00f3w oraz procedur, kt\u00f3re maj\u0105 na celu ochron\u0119 ma\u0142oletnich. S\u0105 to m.in.:<\/p>\n\n\n\n<ul class=\"wp-block-list\">\n<li><strong>Polityka\/Standardy ochrony ma\u0142oletnich<\/strong> \u2013 dokument definiuj\u0105cy zasady ochrony dzieci w danej instytucji, zakres odpowiedzialno\u015bci personelu oraz procedury post\u0119powania w przypadku podejrzenia przemocy.<\/li>\n\n\n\n<li><strong>Zasady bezpiecznych relacji personel\u2013dziecko i dziecko\u2013dziecko<\/strong> \u2013 za\u0142\u0105cznik lub cz\u0119\u015b\u0107 polityki\/standard\u00f3w, kt\u00f3re okre\u015blaj\u0105 wytyczne dotycz\u0105ce interakcji pomi\u0119dzy cz\u0142onkami personelu a dzie\u0107mi oraz pomi\u0119dzy samymi dzie\u0107mi, aby zapewni\u0107 bezpieczne i wspieraj\u0105ce \u015brodowisko.<\/li>\n\n\n\n<li><strong>Zasady bezpiecznej rekrutacji<\/strong> \u2013 zawieraj\u0105 procedury weryfikacji to\u017csamo\u015bci i przesz\u0142o\u015bci os\u00f3b maj\u0105cych kontakt z dzie\u0107mi.<\/li>\n\n\n\n<li><strong>Karta interwencji \u2013<\/strong> formularz u\u017cywany do dokumentowania incydent\u00f3w i interwencji zwi\u0105zanych z ochron\u0105 dzieci.<\/li>\n\n\n\n<li><strong>Standardy dla ma\u0142oletnich<\/strong> \u2013 dostosowana wersja standard\u00f3w\/polityki skierowana bezpo\u015brednio do ma\u0142oletnich, wyja\u015bniaj\u0105ca ich prawa i zasady obowi\u0105zuj\u0105ce w danej instytucji.<\/li>\n\n\n\n<li><strong>Ankieta monitoruj\u0105ca poziom realizacji standard\u00f3w\/polityki<\/strong> \u2013 narz\u0119dzie do oceny skuteczno\u015bci standard\u00f3w\/polityki poprzez zbieranie opinii i danych od cz\u0142onk\u00f3w personelu.<\/li>\n\n\n\n<li><strong>Raport monitoringu<\/strong> \u2013 dokument u\u017cywany do raportowania wynik\u00f3w monitoringu i oceny standard\u00f3w\/polityki.<\/li>\n\n\n\n<li><strong>O\u015bwiadczenie o zapoznaniu si\u0119 ze standardami<\/strong> \u2013 formularz podpisywany przez cz\u0142onk\u00f3w personelu, potwierdzaj\u0105cy znajomo\u015b\u0107 i akceptacj\u0119 standard\u00f3w\/polityki.<\/li>\n<\/ul>\n\n\n\n<h2 class=\"wp-block-heading\" id=\"h-6-co-grozi-mi-za-niewprowadzenie-standardow\"><strong>6. Co grozi mi za niewprowadzenie standard\u00f3w?<\/strong><\/h2>\n\n\n\n<p>Niewprowadzenie wymaganych SOM w organizacji mo\u017ce skutkowa\u0107 powa\u017cnymi konsekwencjami prawnymi, w tym karami finansowymi, a nawet odpowiedzialno\u015bci\u0105 karn\u0105 dla os\u00f3b zarz\u0105dzaj\u0105cych.<br>W przypadku ujawnienia zaniedba\u0144, kt\u00f3re mog\u0142y przyczyni\u0107 si\u0119 do nara\u017cenia dzieci na niebezpiecze\u0144stwo, organizacja mo\u017ce zosta\u0107 poddana kontroli ze strony odpowiednich organ\u00f3w, co mo\u017ce prowadzi\u0107 do powa\u017cnych dla niej konsekwencji.<\/p>\n\n\n\n<p>Je\u017celi jeszcze nie opracowa\u0142e\u015b Standard\u00f3w Ochrony Ma\u0142oletnich w swojej instytucji lub potrzebujesz wsparcia w tym temacie, wype\u0142nij poni\u017cszy formularz.<\/p>\n\n\n\n\t\t<div data-elementor-type=\"container\" data-elementor-id=\"9192\" class=\"elementor elementor-9192\" data-elementor-post-type=\"elementor_library\">\n\t\t\t\t<div class=\"elementor-element elementor-element-67888571 e-flex e-con-boxed e-con e-parent\" data-id=\"67888571\" data-element_type=\"container\" data-e-type=\"container\">\n\t\t\t\t\t<div class=\"e-con-inner\">\n\t\t\t\t<div class=\"elementor-element elementor-element-58673269 elementor-button-align-end elementor-widget elementor-widget-form\" data-id=\"58673269\" data-element_type=\"widget\" data-e-type=\"widget\" data-settings=\"{&quot;step_type&quot;:&quot;none&quot;,&quot;step_icon_shape&quot;:&quot;none&quot;,&quot;button_width&quot;:&quot;100&quot;,&quot;label_icon_size&quot;:{&quot;unit&quot;:&quot;px&quot;,&quot;size&quot;:&quot;&quot;,&quot;sizes&quot;:[]},&quot;field_icon_size&quot;:{&quot;unit&quot;:&quot;px&quot;,&quot;size&quot;:&quot;&quot;,&quot;sizes&quot;:[]}}\" data-widget_type=\"form.default\">\n\t\t\t\t\t\t\t<form class=\"elementor-form\" method=\"post\" id=\"form_ustawa_kamilka\" name=\"Ustawa Kamilka\" aria-label=\"Ustawa Kamilka\">\n\t\t\t<input type=\"hidden\" name=\"post_id\" value=\"9192\"\/>\n\t\t\t<input type=\"hidden\" name=\"form_id\" value=\"58673269\"\/>\n\t\t\t<input type=\"hidden\" name=\"referer_title\" value=\"Ustawa Kamilka - Wprowadzenie Standard\u00f3w Ochrony Ma\u0142oletnich Ustawa Kamilka - Legalden - KANCELARIA ADWOKACKA\" \/>\n\n\t\t\t\t\t\t\t<input type=\"hidden\" name=\"queried_id\" value=\"7984\"\/>\n\t\t\t\n\t\t\t<div class=\"elementor-form-fields-wrapper elementor-labels-above\">\n\t\t\t\t\t\t\t\t<div class=\"elementor-field-type-text elementor-field-group elementor-column elementor-field-group-imie elementor-col-50 elementor-field-required elementor-mark-required\">\n\t\t\t\t\t\t\t\t\t\t\t\t<label for=\"form-field-imie\" class=\"elementor-field-label\">\n\t\t\t\t\t\t\t\tImi\u0119\t\t\t\t\t\t\t<\/label>\n\t\t\t\t\t\t\t\t\t\t\t\t\t\t<input size=\"1\" type=\"text\" name=\"form_fields[imie]\" id=\"form-field-imie\" class=\"elementor-field elementor-size-md  elementor-field-textual\" placeholder=\"Imi\u0119\" required=\"required\">\n\t\t\t\t\t\t\t\t\t\t\t<\/div>\n\t\t\t\t\t\t\t\t<div class=\"elementor-field-type-text elementor-field-group elementor-column elementor-field-group-nazwisko elementor-col-50\">\n\t\t\t\t\t\t\t\t\t\t\t\t<label for=\"form-field-nazwisko\" class=\"elementor-field-label\">\n\t\t\t\t\t\t\t\tNazwisko\t\t\t\t\t\t\t<\/label>\n\t\t\t\t\t\t\t\t\t\t\t\t\t\t<input size=\"1\" type=\"text\" name=\"form_fields[nazwisko]\" id=\"form-field-nazwisko\" class=\"elementor-field elementor-size-md  elementor-field-textual\" placeholder=\"Nazwisko\">\n\t\t\t\t\t\t\t\t\t\t\t<\/div>\n\t\t\t\t\t\t\t\t<div class=\"elementor-field-type-email elementor-field-group elementor-column elementor-field-group-email elementor-col-50 elementor-field-required elementor-mark-required\">\n\t\t\t\t\t\t\t\t\t\t\t\t<label for=\"form-field-email\" class=\"elementor-field-label\">\n\t\t\t\t\t\t\t\tEmail\t\t\t\t\t\t\t<\/label>\n\t\t\t\t\t\t\t\t\t\t\t\t\t\t<input size=\"1\" type=\"email\" name=\"form_fields[email]\" id=\"form-field-email\" class=\"elementor-field elementor-size-md  elementor-field-textual\" placeholder=\"Email\" required=\"required\">\n\t\t\t\t\t\t\t\t\t\t\t<\/div>\n\t\t\t\t\t\t\t\t<div class=\"elementor-field-type-number elementor-field-group elementor-column elementor-field-group-telefon elementor-col-50\">\n\t\t\t\t\t\t\t\t\t\t\t\t<label for=\"form-field-telefon\" class=\"elementor-field-label\">\n\t\t\t\t\t\t\t\tTelefon\t\t\t\t\t\t\t<\/label>\n\t\t\t\t\t\t\t\t\t<input type=\"number\" name=\"form_fields[telefon]\" id=\"form-field-telefon\" class=\"elementor-field elementor-size-md  elementor-field-textual\" placeholder=\"Telefon\" min=\"\" max=\"\" >\n\t\t\t\t\t\t<\/div>\n\t\t\t\t\t\t\t\t<div class=\"elementor-field-type-html elementor-field-group elementor-column elementor-field-group-zgoda_klauzula elementor-col-100\">\n\t\t\t\t\t<a href=\"https:\/\/legalden.pl\/polityka-prywatnosci-2\/\" target=\"_blank\">Polityka prywatno\u015bci<\/a>\t\t\t\t<\/div>\n\t\t\t\t\t\t\t\t<div class=\"elementor-field-group elementor-column elementor-field-type-submit elementor-col-100 e-form__buttons\">\n\t\t\t\t\t<button class=\"elementor-button elementor-size-md\" type=\"submit\" id=\"form_prawo_przyjazne_pracy_wyslij\">\n\t\t\t\t\t\t<span class=\"elementor-button-content-wrapper\">\n\t\t\t\t\t\t\t\t\t\t\t\t\t\t\t\t\t\t\t\t\t\t<span class=\"elementor-button-text\">Wy\u015blij<\/span>\n\t\t\t\t\t\t\t\t\t\t\t\t\t<\/span>\n\t\t\t\t\t<\/button>\n\t\t\t\t<\/div>\n\t\t\t<\/div>\n\t\t<\/form>\n\t\t\t\t\t\t<\/div>\n\t\t\t\t\t<\/div>\n\t\t\t\t<\/div>\n\t\t\t\t<\/div>\n\t\t\n\n\n\n<p><\/p>\n","protected":false},"excerpt":{"rendered":"<p>W sierpniu 2024 roku zacz\u0119\u0142a obowi\u0105zywa\u0107 tzw. &#8222;Ustawa Kamilka&#8221;, czyli nowelizacja Kodeksu rodzinnego i opieku\u0144czego oraz innych ustaw, maj\u0105ca na celu wzmocnienie ochrony dzieci przed przemoc\u0105 i zaniedbaniem. Ta znacz\u0105ca zmiana w polskim systemie prawnym wywo\u0142a\u0142a wiele pyta\u0144 i w\u0105tpliwo\u015bci, zw\u0142aszcza w\u015br\u00f3d organizator\u00f3w aktywno\u015bci dla dzieci, rodzic\u00f3w, opiekun\u00f3w i pracownik\u00f3w, kt\u00f3rzy musz\u0105 przechodzi\u0107 weryfikacj\u0119. Poni\u017cej [&hellip;]<\/p>\n","protected":false},"author":7,"featured_media":8360,"comment_status":"open","ping_status":"open","sticky":false,"template":"","format":"standard","meta":{"_acf_changed":false,"footnotes":""},"categories":[35,42],"tags":[1110,1578],"ppma_author":[1328],"class_list":["post-8358","post","type-post","status-publish","format-standard","has-post-thumbnail","hentry","category-ngo","category-biznes","tag-ustawa-kamilka","tag-ustawakamilka"],"acf":[],"authors":[{"term_id":1328,"user_id":7,"is_guest":0,"slug":"natalia-krajewska","display_name":"Natalia Kwiatkowska","avatar_url":{"url":"https:\/\/legalden.pl\/wp-content\/uploads\/2025\/03\/Legalden-2025-6366-scaled-e1742571648165.jpg","url2x":"https:\/\/legalden.pl\/wp-content\/uploads\/2025\/03\/Legalden-2025-6366-scaled-e1742571648165.jpg"},"author_category":"","first_name":"Natalia","last_name":"Kwiatkowska","user_url":"","job_title":"prawo pracy | Standardy Ochrony Ma\u0142oletnich","telefon":"","mail":"natalia.kwiatkowska@legalden.pl","foto":"","tiktok":"","youtube":"","linkedin":"https:\/\/www.linkedin.com\/in\/natalia-kwiatkowska-a9473a168\/","instagram":"","twitter":"","facebook":"","description":"Adwokat i absolwentka studi\u00f3w prawniczych na WPiA Uniwersytetu Warszawskiego oraz studi\u00f3w podyplomowych na kierunku Prawo pracy i ubezpiecze\u0144 spo\u0142ecznych (kadry i p\u0142ace) na Uczelni \u0141azarskiego. Posiada do\u015bwiadczenie w bie\u017c\u0105cej obs\u0142udze prawnej polskich, jak i zagranicznych podmiot\u00f3w, wsp\u00f3\u0142pracuj\u0105c z przedsi\u0119biorcami, oraz organizacjami pozarz\u0105dowymi. Specjalizuje si\u0119 w doradztwie z zakresu prawa pracy i compliance, gdzie opracowuje i wdra\u017ca umowy, regulaminy oraz wewn\u0119trzne polityki, zapewniaj\u0105c zgodno\u015b\u0107 dzia\u0142a\u0144 firm z obowi\u0105zuj\u0105cymi przepisami. Jej praktyka obejmuje r\u00f3wnie\u017c wsparcie prawne NGO oraz szkolenia z prawa pracy, wolontariatu pracowniczego, a tak\u017ce nowelizacji kodeksu rodzinnego i opieku\u0144czego, znanej jako \u201eUstawa Kamilka\u201d."}],"_links":{"self":[{"href":"https:\/\/legalden.pl\/en\/wp-json\/wp\/v2\/posts\/8358","targetHints":{"allow":["GET"]}}],"collection":[{"href":"https:\/\/legalden.pl\/en\/wp-json\/wp\/v2\/posts"}],"about":[{"href":"https:\/\/legalden.pl\/en\/wp-json\/wp\/v2\/types\/post"}],"author":[{"embeddable":true,"href":"https:\/\/legalden.pl\/en\/wp-json\/wp\/v2\/users\/7"}],"replies":[{"embeddable":true,"href":"https:\/\/legalden.pl\/en\/wp-json\/wp\/v2\/comments?post=8358"}],"version-history":[{"count":0,"href":"https:\/\/legalden.pl\/en\/wp-json\/wp\/v2\/posts\/8358\/revisions"}],"wp:featuredmedia":[{"embeddable":true,"href":"https:\/\/legalden.pl\/en\/wp-json\/wp\/v2\/media\/8360"}],"wp:attachment":[{"href":"https:\/\/legalden.pl\/en\/wp-json\/wp\/v2\/media?parent=8358"}],"wp:term":[{"taxonomy":"category","embeddable":true,"href":"https:\/\/legalden.pl\/en\/wp-json\/wp\/v2\/categories?post=8358"},{"taxonomy":"post_tag","embeddable":true,"href":"https:\/\/legalden.pl\/en\/wp-json\/wp\/v2\/tags?post=8358"},{"taxonomy":"author","embeddable":true,"href":"https:\/\/legalden.pl\/en\/wp-json\/wp\/v2\/ppma_author?post=8358"}],"curies":[{"name":"wp","href":"https:\/\/api.w.org\/{rel}","templated":true}]}}