{"id":8969,"date":"2025-01-08T09:33:23","date_gmt":"2025-01-08T08:33:23","guid":{"rendered":"https:\/\/legalden.pl\/?p=8969"},"modified":"2025-01-08T15:00:16","modified_gmt":"2025-01-08T14:00:16","slug":"zielone-zamowienia-publiczne","status":"publish","type":"post","link":"https:\/\/legalden.pl\/en\/zielone-zamowienia-publiczne\/","title":{"rendered":"Zielone Zam\u00f3wienia Publiczne &#8211; jak poradzi\u0107 sobie z nowymi wymaganiami?"},"content":{"rendered":"<p>Has\u0142o zr\u00f3wnowa\u017cony rozwoju obieg\u0142o ju\u017c ca\u0142y \u015bwiat, jest ono z ka\u017cdym rokiem coraz lepiej rozumiane. Kwestie \u015brodowiskowe staj\u0105 si\u0119 coraz wi\u0119kszym priorytetem w biznesie ale r\u00f3wnie\u017c w instytucjach pa\u0144stwowych do czego zobowi\u0105zuje je polityka i legislacja pa\u0144stwa.<\/p>\n\n\n\n<p>\u017beby nie by\u0142y to tylko g\u0142o\u015bne obietnice a realne dzia\u0142ania, powsta\u0142y <strong>Zielone Zam\u00f3wienia Publiczne (Green Public Procurement, GPP)<\/strong>. Dotycz\u0105 one zar\u00f3wno zam\u00f3wie\u0144 krajowych jak i unijnych.<\/p>\n\n\n\n<h2 class=\"wp-block-heading\" id=\"h-czym-sa-zielone-zamowienia-publiczne\">Czym s\u0105 Zielone Zam\u00f3wienia Publiczne?<\/h2>\n\n\n\n<p>Zielone Zam\u00f3wienia Publiczne to procedura zakupowa, w kt\u00f3rej opr\u00f3cz kryterium ceny czy do\u015bwiadczenia uwzgl\u0119dnia si\u0119 te\u017c aspekty \u015brodowiskowe. Ma to zastosowanie do wszystkich typ\u00f3w us\u0142ug np. dostaw towar\u00f3w, rob\u00f3t budowlanych czy us\u0142ug marketingowych. <\/p>\n\n\n\n<p>Czynnikami jakie mog\u0105 si\u0119 znale\u017a\u0107 w zapytaniu ofertowym b\u0119d\u0105:<\/p>\n\n\n\n<ul class=\"wp-block-list\">\n<li> efektywno\u015b\u0107 energetyczna,<\/li>\n\n\n\n<li>gospodarka obiegu zamkni\u0119tego<\/li>\n\n\n\n<li>ograniczanie emisji CO2<\/li>\n\n\n\n<li>stosowanie ekologicznych materia\u0142\u00f3w<\/li>\n<\/ul>\n\n\n\n<p><\/p>\n\n\n\n<p>Zastosowanie takich wymaga\u0144 pomaga przede wszystkim zmniejszy\u0107 negatywny wp\u0142yw na \u015brodowisko i klimat, promowa\u0107 innowacyjne rozwi\u0105zania oraz realizowa\u0107 cele klimatyczne takich jak te zawarte w Porozumieniu Paryskim.<\/p>\n\n\n\n<h2 class=\"wp-block-heading\" id=\"h-podstawa-prawna-zielonych-zamowien\">Podstawa prawna Zielonych zam\u00f3wie\u0144<\/h2>\n\n\n\n<p>W Polsce Zielone Zam\u00f3wienia Publiczne uwzgl\u0119dniono w przepisach <strong>Ustawy z dnia 11 wrze\u015bnia 2019 r. &#8211; Prawo zam\u00f3wie\u0144 Publicznych (PZP)<\/strong>. Art. 91 ustawy stanowi, \u017ce zamawiaj\u0105cy mo\u017ce okre\u015bla\u0107 kryteria zwi\u0105zane z ochron\u0105 \u015brodowiska jako jeden z element\u00f3w oceny ofert. Dyrektywy Unii Europejskiej dotycz\u0105ce zam\u00f3wie\u0144 publicznych zach\u0119caj\u0105 pa\u0144stwa cz\u0142onkowskie do uwzgl\u0119dniania aspekt\u00f3w ekologicznych przetargach o zam\u00f3wienia publiczne.<\/p>\n\n\n\n<h2 class=\"wp-block-heading\" id=\"h-jakie-korzysci-plyna-z-zielonych-zamowien\">Jakie korzy\u015bci p\u0142yn\u0105 z Zielonych Zam\u00f3wie\u0144?<\/h2>\n\n\n\n<p>Korzy\u015bci nie maj\u0105 by\u0107 tylko wymierne dla \u015brodowiska, bior\u00f3\u017cnorodno\u015bci czy klimatu ale r\u00f3wnie\u017c dla mog\u0105 by\u0107 oszcz\u0119dno\u015bci\u0105 dla samego wykonawcy:<\/p>\n\n\n\n<ul class=\"wp-block-list\">\n<li><strong>Ochrona \u015brodowiska<\/strong> &#8211; Dzi\u0119ki ekologicznym rozwi\u0105zaniom mo\u017cna zmniejszy\u0107 emisj\u0119 gaz\u00f3w cieplarnianych, zu\u017cycie energii oraz ilo\u015b\u0107 odpad\u00f3w.<\/li>\n\n\n\n<li><strong>Oszcz\u0119dno\u015b\u0107 d\u0142ugoterminowa<\/strong> &#8211; Chocia\u017c ekologiczne produkty lub technologie mog\u0105 by\u0107 dro\u017csze w momencie zakupu, w d\u0142u\u017cszej perspektywie generuj\u0105 oszcz\u0119dno\u015bci, np. dzi\u0119ki mniejszemu zu\u017cyciu energii czy ni\u017cszym kosztom eksploatacji.<\/li>\n\n\n\n<li><strong>Promowanie innowacji<\/strong> &#8211; Zielone Zam\u00f3wienia stymuluj\u0105 rynek do tworzenia nowych, przyjaznych \u015brodowisku produkt\u00f3w i technologii, co sprzyja rozwojowi gospodarki o obiegu zamkni\u0119tym.<\/li>\n\n\n\n<li><strong>Budowanie wizerunku<\/strong> &#8211; Instytucje wdra\u017caj\u0105ce Zielone Zam\u00f3wienia s\u0105 postrzegane jako odpowiedzialne i nowoczesne, co mo\u017ce zwi\u0119kszy\u0107 zaufanie spo\u0142eczne.<\/li>\n<\/ul>\n\n\n\n<p><\/p>\n\n\n\n<p>O przetargach i wyborze partnera biznesowego mo\u017cesz przeczyta\u0107 w naszym artykule: <a href=\"https:\/\/legalden.pl\/przetargi-2-0-jak-esg-wplywa-na-wybor-partnera-biznesowego\/\">https:\/\/legalden.pl\/przetargi-2-0-jak-esg-wplywa-na-wybor-partnera-biznesowego\/<\/a><\/p>\n\n\n\n<h2 class=\"wp-block-heading\" id=\"h-przyklady-zielonych-zamowien\">Przyk\u0142ady Zielonych Zam\u00f3wie\u0144?<\/h2>\n\n\n\n<p>Czynniki zwi\u0105zane z ochron\u0105 \u015brodowiska i zr\u00f3wnowa\u017conym rozwojem b\u0119d\u0105 spotykane coraz cz\u0119\u015bciej w zam\u00f3wieniach publicznych o r\u00f3\u017cne us\u0142ugi. Jednak\u017ce s\u0105 te\u017c takie, kt\u00f3re g\u0142\u00f3wnie opieraj\u0105 si\u0119 na technologiach skupionych na \u015brodowisku i ograniczaniu \u015bladu w\u0119glowego:<\/p>\n\n\n\n<ul class=\"wp-block-list\">\n<li>zakup pojazd\u00f3w elektrycznych, wodorowych dla gmin, szpitali i innych plac\u00f3wek publicznych,<\/li>\n\n\n\n<li>modernizacja o\u015bwietlenia ulicznego na lampy LED, kt\u00f3re s\u0105 energooszcz\u0119dne,<\/li>\n\n\n\n<li>budowa budynk\u00f3w pasywnych z wykorzystaniem ekologicznych materia\u0142\u00f3w,<\/li>\n\n\n\n<li>termomodernizacja budynk\u00f3w u\u017cyteczno\u015bci publicznej lub mieszkalnych np. wsp\u00f3lnoty mieszkaniowe.<\/li>\n<\/ul>\n\n\n\n<p><\/p>\n\n\n\n<h2 class=\"wp-block-heading\" id=\"h-jak-mozemy-ci-pomoc\">Jak mo\u017cemy Ci pom\u00f3c?<\/h2>\n\n\n\n<ul class=\"wp-block-list\">\n<li>Stworzymy dla Ciebie specyfikacje zam\u00f3wie\u0144 zgodnych z Zielonymi Zam\u00f3wieniami.<\/li>\n\n\n\n<li>Pomo\u017cemy Ci przygotowa\u0107 kryteria oceny ofert.<\/li>\n\n\n\n<li>Przeszkolimy Ciebie i tw\u00f3j zesp\u00f3\u0142 z kwestii \u015brodowiskowych: wdra\u017caniach ich i wykorzystywania jako przewag\u0119 konkurencyjn\u0105.<\/li>\n\n\n\n<li>Wesprzemy Ci\u0119 prawnie i doradczo w ca\u0142ym procesie.<\/li>\n<\/ul>\n\n\n\n<p><\/p>\n\n\n\n<p>Je\u015bli chcesz wiedzie\u0107 wi\u0119cej, napisz do mnie: <a href=\"wiktoria.soszka@legalden.pl\">wiktoria.soszka@legalden.pl<\/a><\/p>\n\n\n\n<h2 class=\"wp-block-heading\" id=\"h-slowniczek\">S\u0142owniczek:<\/h2>\n\n\n\n<ul class=\"wp-block-list\">\n<li><strong>Efektywno\u015b\u0107 energetyczna<\/strong> &#8211; dobrym przyk\u0142adem s\u0105 tu budynki, mniejsza ilo\u015b\u0107 energii pozwala na ogrzanie du\u017cej ilo\u015bci powierzchni na d\u0142ugi czas je\u015bli budynek jest efektywny energetycznie.<\/li>\n\n\n\n<li><strong>Gospodarka obiegu zamkni\u0119tego<\/strong> &#8211; system gospodarowania, kt\u00f3ry pozwala minimalizowa\u0107 zu\u017cycie surowca, emisje CO2 oraz koszty wytwarzania nowych produkt\u00f3w od pocz\u0105tku.<\/li>\n\n\n\n<li><strong>Ustawy z dnia 11 wrze\u015bnia 2019 r. &#8211; Prawo zam\u00f3wie\u0144 Publicznych<\/strong> &#8211; <a href=\"https:\/\/isap.sejm.gov.pl\/isap.nsf\/download.xsp\/WDU20190002019\/U\/D20192019Lj.pdf\" target=\"_blank\" rel=\"noopener\">https:\/\/isap.sejm.gov.pl\/isap.nsf\/download.xsp\/WDU20190002019\/U\/D20192019Lj.pdf<\/a><\/li>\n\n\n\n<li><strong>Budynki pasywne<\/strong> &#8211; nie wykorzystuj\u0105 &#8222;aktywnych&#8221; \u017ar\u00f3de\u0142 ciep\u0142a jak: kot\u0142y, piece, centralne ogrzewanie. Budynki pasywne korzystaj\u0105 z naturalnych \u017ar\u00f3de\u0142 takich jak wiatr, wody czy \u015bwiat\u0142o naturalne. <\/li>\n\n\n\n<li><strong>Budynki u\u017cyteczno\u015bci publicznej<\/strong> &#8211; budynek przeznczony na dzia\u0142ania publiczne takie jak: urz\u0119dy, o\u015brodki kultury czy ko\u015bcio\u0142y.<\/li>\n<\/ul>\n\n\n\n<p><\/p>","protected":false},"excerpt":{"rendered":"<p>Has\u0142o zr\u00f3wnowa\u017cony rozwoju obieg\u0142o ju\u017c ca\u0142y \u015bwiat, jest ono z ka\u017cdym rokiem coraz lepiej rozumiane. Kwestie \u015brodowiskowe staj\u0105 si\u0119 coraz wi\u0119kszym priorytetem w biznesie ale r\u00f3wnie\u017c w instytucjach pa\u0144stwowych do czego zobowi\u0105zuje je polityka i legislacja pa\u0144stwa. \u017beby nie by\u0142y to tylko g\u0142o\u015bne obietnice a realne dzia\u0142ania, powsta\u0142y Zielone Zam\u00f3wienia Publiczne (Green Public Procurement, GPP). [&hellip;]<\/p>\n","protected":false},"author":15,"featured_media":8974,"comment_status":"open","ping_status":"open","sticky":false,"template":"","format":"standard","meta":{"_acf_changed":false,"footnotes":""},"categories":[1092,42],"tags":[1649],"ppma_author":[1330],"class_list":["post-8969","post","type-post","status-publish","format-standard","has-post-thumbnail","hentry","category-esg","category-biznes","tag-biznes"],"acf":[],"authors":[{"term_id":1330,"user_id":15,"is_guest":0,"slug":"wiktoria-soszka","display_name":"Wiktoria Soszka","avatar_url":{"url":"https:\/\/legalden.pl\/wp-content\/uploads\/2025\/03\/Legalden-2025-6050-scaled-e1742571936629.jpg","url2x":"https:\/\/legalden.pl\/wp-content\/uploads\/2025\/03\/Legalden-2025-6050-scaled-e1742571936629.jpg"},"author_category":"","first_name":"Wiktoria","last_name":"Soszka","user_url":"","job_title":"zr\u00f3wnowa\u017cony rozw\u00f3j | ESG | partnerstwa","telefon":"tel:781695171","mail":"","foto":"","tiktok":"","youtube":"","linkedin":"https:\/\/www.linkedin.com\/in\/wiktoriasoszka\/","instagram":"","twitter":"","facebook":"","description":"Specjalistka ds. ESG i zr\u00f3wnowa\u017conego rozwoju, absolwentka Collegium Civitas (stosunki mi\u0119dzynarodowe - bezpiecze\u0144stwo mi\u0119dzynarodowe i klimatyczne), studentka Europejskiej Wy\u017cszej Szko\u0142y Prawa i Administracji w Warszawie (prawo). Swoj\u0105 prac\u0119 dyplomow\u0105 po\u015bwi\u0119ci\u0142a negatywnym skutkom zmian klimatu na spo\u0142eczno\u015bci lokalne w Azji \u015arodkowo-Wschodniej. Wiedz\u0119 merytoryczn\u0105 w zakresie  zr\u00f3wnowa\u017conym rozwoju oraz ESG \u0142\u0105czy z aspektami prawnymi. Na co dzie\u0144 zajmuje si\u0119 legislacj\u0105 zwi\u0105zan\u0105 ze zr\u00f3wnowa\u017conym rozwojem i \u015brodowiskiem naturalnym oraz koordynuje wewn\u0119trzne i zewn\u0119trzne procesy zwi\u0105zane z ESG. Wiktori\u0119 mo\u017cna spotka\u0107 podczas r\u00f3\u017cnych wydarze\u0144 i konferencji m.in. PRECOP w Katowicach. W wolnym czasie czyta reporta\u017ce. Fascynuj\u0119 j\u0105 kultura frankofo\u0144ska i j\u0119zyk francuski. W ramach wolontariatu tworzy tre\u015bci edukacyjne z zakresu \u015brodowiska i geopolityki."}],"_links":{"self":[{"href":"https:\/\/legalden.pl\/en\/wp-json\/wp\/v2\/posts\/8969","targetHints":{"allow":["GET"]}}],"collection":[{"href":"https:\/\/legalden.pl\/en\/wp-json\/wp\/v2\/posts"}],"about":[{"href":"https:\/\/legalden.pl\/en\/wp-json\/wp\/v2\/types\/post"}],"author":[{"embeddable":true,"href":"https:\/\/legalden.pl\/en\/wp-json\/wp\/v2\/users\/15"}],"replies":[{"embeddable":true,"href":"https:\/\/legalden.pl\/en\/wp-json\/wp\/v2\/comments?post=8969"}],"version-history":[{"count":0,"href":"https:\/\/legalden.pl\/en\/wp-json\/wp\/v2\/posts\/8969\/revisions"}],"wp:featuredmedia":[{"embeddable":true,"href":"https:\/\/legalden.pl\/en\/wp-json\/wp\/v2\/media\/8974"}],"wp:attachment":[{"href":"https:\/\/legalden.pl\/en\/wp-json\/wp\/v2\/media?parent=8969"}],"wp:term":[{"taxonomy":"category","embeddable":true,"href":"https:\/\/legalden.pl\/en\/wp-json\/wp\/v2\/categories?post=8969"},{"taxonomy":"post_tag","embeddable":true,"href":"https:\/\/legalden.pl\/en\/wp-json\/wp\/v2\/tags?post=8969"},{"taxonomy":"author","embeddable":true,"href":"https:\/\/legalden.pl\/en\/wp-json\/wp\/v2\/ppma_author?post=8969"}],"curies":[{"name":"wp","href":"https:\/\/api.w.org\/{rel}","templated":true}]}}